{"id":306,"date":"2018-07-10T21:07:53","date_gmt":"2018-07-10T19:07:53","guid":{"rendered":"https:\/\/www.1130haren.be\/?p=306"},"modified":"2018-07-10T22:02:28","modified_gmt":"2018-07-10T20:02:28","slug":"fruityharen-les-potagers-les-ateliers-et-le-castum","status":"publish","type":"post","link":"https:\/\/1130haren.be\/?p=306","title":{"rendered":"FruityHaren : les potagers, les ateliers et&#8230; Le Castum"},"content":{"rendered":"<p lang=\"nl-NL\" align=\"CENTER\"><span style=\"color: #990099\"><span style=\"font-family: inherit\"><span style=\"font-size: 300%\"><b>Potager FRUITYHAREN<\/b><\/span><\/span><\/span><\/p>\n<p lang=\"nl-NL\" align=\"CENTER\"><span style=\"color: #990099\"><span style=\"font-family: inherit\"><span style=\"font-size: 300%\"><b>ouvert tous les dimanches de 15h \u00e0 19h<\/b><\/span><\/span><\/span><\/p>\n<p lang=\"nl-NL\" align=\"CENTER\"><span style=\"color: #000000\"><span style=\"font-family: Arimo, sans-serif\"><span style=\"font-size: large\"><b>Au programme : Table partag\u00e9e, barbecue disponible, conseils potager, ouvert aux musiciens + atelier th\u00e9matiques&#8230;<\/b><\/span><\/span><\/span><\/p>\n<p lang=\"nl-NL\" align=\"CENTER\"><span style=\"color: #000000\"><span style=\"font-family: Arimo, sans-serif\"><span style=\"font-size: large\"><b>Agenda: Potluck, BBQ beschikbaar, tuin advies, open voor muzikanten + ateliers&#8230;<\/b><\/span><\/span><\/span><\/p>\n<p lang=\"nl-NL\" align=\"CENTER\"><i style=\"color: #353535;font-size: large\"><img loading=\"lazy\" decoding=\"async\" class=\"alignnone size-medium wp-image-307\" src=\"https:\/\/www.1130haren.be\/wp-content\/uploads\/2018\/07\/planfruityharen-bat-300x280.png\" alt=\"\" width=\"300\" height=\"280\" srcset=\"https:\/\/1130haren.be\/wp-content\/uploads\/2018\/07\/planfruityharen-bat-300x280.png 300w, https:\/\/1130haren.be\/wp-content\/uploads\/2018\/07\/planfruityharen-bat.png 751w\" sizes=\"auto, (max-width: 300px) 100vw, 300px\" \/><\/i><\/p>\n<p lang=\"nl-NL\" align=\"CENTER\"><span style=\"color: #ff6600\"><span style=\"font-family: inherit\"><span style=\"font-size: 300%\"><b>Zondag 30 juli 2018<\/b><\/span><\/span><\/span><\/p>\n<p lang=\"nl-NL\" align=\"CENTER\"><span style=\"color: #ff6600;font-size: 36pt\"><span style=\"font-family: Lato, sans-serif\"><span style=\"font-family: inherit\"><b>Dimanche\u00a030<\/b><\/span>\u00a0<span style=\"font-family: inherit\"><b>ju<\/b><\/span><\/span><\/span><b style=\"font-family: inherit;font-size: 48px;font-style: inherit;color: #ff6600\">illet\u00a02018<\/b><\/p>\n<p lang=\"nl-NL\" align=\"CENTER\"><span style=\"color: #000000\"><span style=\"font-family: inherit\"><span style=\"font-size: large\"><b>van 15u tot 19u\/ de 15h \u00e0 19h<\/b><\/span><\/span><\/span><\/p>\n<p lang=\"fr-BE\" align=\"LEFT\"><span style=\"color: #353535\"><span style=\"font-family: inherit\"><span style=\"font-size: large\">Pr\u00e9sentation du potager<\/span><\/span><\/span><\/p>\n<p style=\"font-family: Helvetica, sans-serif;font-size: 14px;font-style: normal;font-weight: 400\"><img loading=\"lazy\" decoding=\"async\" class=\"size-medium wp-image-308 alignright\" src=\"https:\/\/www.1130haren.be\/wp-content\/uploads\/2018\/07\/20170924_104752_redimensionner-300x169.jpg\" alt=\"\" width=\"300\" height=\"169\" srcset=\"https:\/\/1130haren.be\/wp-content\/uploads\/2018\/07\/20170924_104752_redimensionner-300x169.jpg 300w, https:\/\/1130haren.be\/wp-content\/uploads\/2018\/07\/20170924_104752_redimensionner-768x432.jpg 768w, https:\/\/1130haren.be\/wp-content\/uploads\/2018\/07\/20170924_104752_redimensionner.jpg 800w\" sizes=\"auto, (max-width: 300px) 100vw, 300px\" \/><\/p>\n<p>&nbsp;<\/p>\n<p><span style=\"font-size: large;color: #353535\">Atelier participatif \u00ab\u00a0le patrimoine c&rsquo;est nous\u00a0\u00bb LE CASTRUM<\/span><\/p>\n<p align=\"LEFT\"><span style=\"color: #353535\"> <span style=\"font-family: Lato, sans-serif\"><span style=\"font-size: large\"><span style=\"font-family: inherit\"><i>Demonstratie van het moestuin<\/i><\/span><\/span><\/span><\/span><\/p>\n<p align=\"LEFT\"><span style=\"color: #353535\"><span style=\"font-family: inherit\"><span style=\"font-size: large\"><i>Workshop \u201cErfgoed Dat zijn Wij &lsquo;\u201d Het CASTRUM<\/i><\/span><\/span><\/span><\/p>\n<p align=\"RIGHT\"><span style=\"color: #353535\">\u2014\u2014\u2014\u2014\u2014\u2014\u2014\u2014\u2014\u2014\u2014\u2014\u2014\u2014\u2014\u2014\u2014\u2014\u2014\u2014\u2014\u2014\u2014\u2014\u2014\u2014\u2014\u2014\u2014\u2014\u2014\u2014\u2014\u2014\u2014\u2014\u2014\u2014\u2014\u2014\u2013<\/span><\/p>\n<p lang=\"nl-NL\" align=\"CENTER\"><span style=\"color: #ff6600\"><span style=\"font-family: inherit\"><span style=\"font-size: 300%\"><b>Zondag 5 Augustus 2018<\/b><\/span><\/span><\/span><\/p>\n<p lang=\"nl-NL\" align=\"CENTER\"><span style=\"color: #ff6600\"><span style=\"font-family: inherit\"><span style=\"font-size: 300%\"><b>Dimanche\u00a05 aout\u00a02018<\/b><\/span><\/span><\/span><\/p>\n<p lang=\"nl-NL\" align=\"CENTER\"><span style=\"color: #000000\"><span style=\"font-family: inherit\"><span style=\"font-size: large\"><b>van 15u tot 19u\/ de 15h \u00e0 19h<\/b><\/span><\/span><\/span><\/p>\n<p lang=\"nl-NL\" align=\"LEFT\"><span style=\"color: #009999\"><span style=\"font-family: inherit\"><span style=\"font-size: large\"><b>Atelier Cuisine au potager<\/b><\/span><\/span><\/span><\/p>\n<p lang=\"nl-NL\" align=\"LEFT\"><span style=\"color: #009999\"> <span style=\"font-family: inherit\"><span style=\"font-size: large\"><b>Atelier construction palettes<\/b><\/span><\/span><\/span><img loading=\"lazy\" decoding=\"async\" class=\"alignnone size-medium wp-image-309\" src=\"https:\/\/www.1130haren.be\/wp-content\/uploads\/2018\/07\/20170924_104820_redimensionner-300x169.jpg\" alt=\"\" width=\"300\" height=\"169\" srcset=\"https:\/\/1130haren.be\/wp-content\/uploads\/2018\/07\/20170924_104820_redimensionner-300x169.jpg 300w, https:\/\/1130haren.be\/wp-content\/uploads\/2018\/07\/20170924_104820_redimensionner-768x432.jpg 768w, https:\/\/1130haren.be\/wp-content\/uploads\/2018\/07\/20170924_104820_redimensionner.jpg 800w\" sizes=\"auto, (max-width: 300px) 100vw, 300px\" \/><\/p>\n<p lang=\"nl-NL\" align=\"RIGHT\"><span style=\"color: #009999\"><span style=\"font-family: inherit\"><span style=\"font-size: large\"><i><b>Keuken in de tuin<\/b><\/i><\/span><\/span><\/span><\/p>\n<p lang=\"nl-NL\" align=\"RIGHT\"><span style=\"color: #009999\"><span style=\"font-family: inherit\"><span style=\"font-size: large\"><i><b>Paletten meubelen<\/b><\/i><\/span><\/span><\/span><\/p>\n<p lang=\"nl-NL\" align=\"CENTER\"><span style=\"color: #ff6600\"><span style=\"font-family: inherit\"><span style=\"font-size: 300%\"><b>Zondag 11 Augustus 2018<\/b><\/span><\/span><\/span><\/p>\n<p lang=\"nl-NL\" align=\"CENTER\"><span style=\"color: #ff6600;font-size: 36pt\"><span style=\"font-family: Lato, sans-serif\"><span style=\"font-family: inherit\"><b>Dimanche\u00a01<\/b><\/span><span style=\"font-family: inherit\"><b>1<\/b><\/span>\u00a0<span style=\"font-family: inherit\"><b>ao\u00fbt<\/b><\/span><span style=\"font-family: inherit\"><b>\u00a02018<\/b><\/span><\/span><\/span><\/p>\n<p lang=\"nl-NL\" align=\"CENTER\"><span style=\"color: #000000\"><span style=\"font-family: inherit\"><span style=\"font-size: large\"><b>van 15u tot 19u\/ de 15h \u00e0 19h<\/b><\/span><\/span><\/span><\/p>\n<p lang=\"fr-BE\" align=\"LEFT\"><span style=\"color: #353535\"><span style=\"font-family: inherit\"><span style=\"font-size: large\">Les Fleurs commestibles <\/span><\/span><\/span><\/p>\n<p><img loading=\"lazy\" decoding=\"async\" class=\"size-medium wp-image-310 alignright\" src=\"https:\/\/www.1130haren.be\/wp-content\/uploads\/2018\/07\/20170924_105017_redimensionner-300x169.jpg\" alt=\"\" width=\"300\" height=\"169\" srcset=\"https:\/\/1130haren.be\/wp-content\/uploads\/2018\/07\/20170924_105017_redimensionner-300x169.jpg 300w, https:\/\/1130haren.be\/wp-content\/uploads\/2018\/07\/20170924_105017_redimensionner-768x432.jpg 768w, https:\/\/1130haren.be\/wp-content\/uploads\/2018\/07\/20170924_105017_redimensionner.jpg 800w\" sizes=\"auto, (max-width: 300px) 100vw, 300px\" \/><\/p>\n<p lang=\"fr-BE\" align=\"LEFT\"><span style=\"color: #353535\"><span style=\"font-family: inherit\"><span style=\"font-size: large\">Atelier participatif Totem<\/span><\/span><\/span><\/p>\n<p align=\"LEFT\"><span style=\"color: #353535\"> <span style=\"font-family: Lato, sans-serif\"><span style=\"font-size: large\"><span style=\"font-family: inherit\"><i>Eetbare bloemen<\/i><\/span><\/span><\/span><\/span><\/p>\n<p align=\"LEFT\"><span style=\"color: #353535\"> <span style=\"font-family: inherit\"><span style=\"font-size: large\"><i>Workshop een totem voor Haren\u00a0\u00a0\u00a0\u00a0<\/i><\/span><\/span><\/span><\/p>\n<p align=\"RIGHT\"><span style=\"color: #353535\">\u2014\u2014\u2014\u2014\u2014\u2014\u2014\u2014\u2014\u2014\u2014\u2014\u2014\u2014\u2014\u2014\u2014\u2014\u2014\u2014\u2014\u2014\u2014\u2014\u2014\u2014\u2014\u2014\u2014\u2014\u2014\u2014\u2014\u2014\u2014\u2014\u2014\u2014\u2014\u2014\u2013<\/span><\/p>\n<p lang=\"nl-NL\" align=\"CENTER\"><span style=\"color: #ff6600\"><span style=\"font-family: inherit\"><span style=\"font-size: 300%\"><b>Zondag 26 Augustus 2018<\/b><\/span><\/span><\/span><\/p>\n<p lang=\"nl-NL\" align=\"CENTER\"><span style=\"color: #ff6600\"><span style=\"font-family: inherit\"><span style=\"font-size: 300%\"><b>Dimanche\u00a026 aout\u00a02018<\/b><\/span><\/span><\/span><\/p>\n<p lang=\"nl-NL\" align=\"CENTER\"><span style=\"color: #000000\"><span style=\"font-family: inherit\"><span style=\"font-size: large\"><b>van 15u tot 19u\/ de 15h \u00e0 19h<\/b><\/span><\/span><\/span><\/p>\n<p lang=\"nl-NL\" align=\"LEFT\"><span style=\"color: #009999\"><span style=\"font-family: inherit\"><span style=\"font-size: large\"><b>Atelier Cuisine au potager<\/b><\/span><\/span><\/span><img loading=\"lazy\" decoding=\"async\" class=\"size-medium wp-image-311 alignright\" src=\"https:\/\/www.1130haren.be\/wp-content\/uploads\/2018\/07\/20170924_105146_redimensionner-300x169.jpg\" alt=\"\" width=\"300\" height=\"169\" srcset=\"https:\/\/1130haren.be\/wp-content\/uploads\/2018\/07\/20170924_105146_redimensionner-300x169.jpg 300w, https:\/\/1130haren.be\/wp-content\/uploads\/2018\/07\/20170924_105146_redimensionner-768x432.jpg 768w, https:\/\/1130haren.be\/wp-content\/uploads\/2018\/07\/20170924_105146_redimensionner.jpg 800w\" sizes=\"auto, (max-width: 300px) 100vw, 300px\" \/><\/p>\n<p lang=\"nl-NL\" align=\"LEFT\"><span style=\"color: #009999\"> <span style=\"font-family: inherit\"><span style=\"font-size: large\"><b>Atelier construction palettes<\/b><\/span><\/span><\/span><\/p>\n<p lang=\"nl-NL\" align=\"RIGHT\"><span style=\"color: #009999\"><span style=\"font-family: inherit\"><span style=\"font-size: large\"><i><b>Keuken in de tuin<\/b><\/i><\/span><\/span><\/span><\/p>\n<p lang=\"nl-NL\" align=\"RIGHT\"><span style=\"color: #009999\"> <span style=\"font-family: inherit\"><span style=\"font-size: large\"><i><b>Paletten meubelen<\/b><\/i><\/span><\/span><\/span><\/p>\n<p align=\"LEFT\"><span style=\"font-family: inherit\"><span style=\"font-size: large\">Het programma kan nog evolueren<\/span><\/span><\/p>\n<p align=\"LEFT\"><span style=\"font-family: inherit\"><span style=\"font-size: large\">Le programme est susceptible d&rsquo;\u00e9voluer<\/span><\/span><\/p>\n<p align=\"LEFT\"><span style=\"font-family: inherit\"><span style=\"font-size: large\">contact: <a href=\"mailto:info@1130haren.be\">info@1130haren.be<\/a> 0499030901<\/span><\/span><\/p>\n","protected":false},"excerpt":{"rendered":"<p>Potager FRUITYHAREN ouvert tous les dimanches de 15h \u00e0 19h Au programme : Table partag\u00e9e, barbecue disponible, conseils potager, ouvert aux musiciens + atelier th\u00e9matiques&#8230;&#8230;<\/p>\n","protected":false},"author":4,"featured_media":0,"comment_status":"closed","ping_status":"closed","sticky":false,"template":"","format":"standard","meta":{"footnotes":""},"categories":[1],"tags":[],"class_list":["post-306","post","type-post","status-publish","format-standard","category-non-classe"],"_links":{"self":[{"href":"https:\/\/1130haren.be\/index.php?rest_route=\/wp\/v2\/posts\/306","targetHints":{"allow":["GET"]}}],"collection":[{"href":"https:\/\/1130haren.be\/index.php?rest_route=\/wp\/v2\/posts"}],"about":[{"href":"https:\/\/1130haren.be\/index.php?rest_route=\/wp\/v2\/types\/post"}],"author":[{"embeddable":true,"href":"https:\/\/1130haren.be\/index.php?rest_route=\/wp\/v2\/users\/4"}],"replies":[{"embeddable":true,"href":"https:\/\/1130haren.be\/index.php?rest_route=%2Fwp%2Fv2%2Fcomments&post=306"}],"version-history":[{"count":2,"href":"https:\/\/1130haren.be\/index.php?rest_route=\/wp\/v2\/posts\/306\/revisions"}],"predecessor-version":[{"id":313,"href":"https:\/\/1130haren.be\/index.php?rest_route=\/wp\/v2\/posts\/306\/revisions\/313"}],"wp:attachment":[{"href":"https:\/\/1130haren.be\/index.php?rest_route=%2Fwp%2Fv2%2Fmedia&parent=306"}],"wp:term":[{"taxonomy":"category","embeddable":true,"href":"https:\/\/1130haren.be\/index.php?rest_route=%2Fwp%2Fv2%2Fcategories&post=306"},{"taxonomy":"post_tag","embeddable":true,"href":"https:\/\/1130haren.be\/index.php?rest_route=%2Fwp%2Fv2%2Ftags&post=306"}],"curies":[{"name":"wp","href":"https:\/\/api.w.org\/{rel}","templated":true}]}}